{"id":13557,"date":"2024-11-14T12:10:36","date_gmt":"2024-11-14T12:10:36","guid":{"rendered":"https:\/\/aldeesinfantils.org\/tipus-de-violencia-infantil-i-com-prevenir-la"},"modified":"2024-11-14T12:27:13","modified_gmt":"2024-11-14T12:27:13","slug":"tipus-de-violencia-infantil-i-com-prevenir-la","status":"publish","type":"post","link":"https:\/\/aldeesinfantils.org\/ca\/tipus-de-violencia-infantil-i-com-prevenir-la","title":{"rendered":"Tipus de viol\u00e8ncia infantil i com prevenir-la"},"content":{"rendered":"\t\t<div data-elementor-type=\"wp-post\" data-elementor-id=\"13557\" class=\"elementor elementor-13557 elementor-13548\" data-elementor-post-type=\"post\">\n\t\t\t\t<div class=\"elementor-element elementor-element-76cf223 e-dte-flex e-flex e-con-boxed e-con e-parent\" data-id=\"76cf223\" data-element_type=\"container\" data-e-type=\"container\" data-settings=\"{&quot;jet_parallax_layout_list&quot;:[],&quot;dte_container_type&quot;:&quot;flex&quot;}\">\n\t\t\t\t\t<div class=\"e-con-inner\">\n\t\t\t\t<div class=\"elementor-element elementor-element-0929e9b exad-sticky-section-no exad-glass-effect-no elementor-widget elementor-widget-text-editor\" data-id=\"0929e9b\" data-element_type=\"widget\" data-e-type=\"widget\" data-widget_type=\"text-editor.default\">\n\t\t\t\t<div class=\"elementor-widget-container\">\n\t\t\t\t\t\t\t\t\t<p class=\"paragraph\">La viol\u00e8ncia durant la inf\u00e0ncia i l&#8217;adolesc\u00e8ncia t\u00e9 efectes que transcendeixen les ferides f\u00edsiques; afecta el <strong>desenvolupament emocional<\/strong> , cognitiu i social dels nens i adolescents, alterant la seva capacitat per formar relacions saludables, aprendre de manera efectiva i manejar les seves emocions. <\/p>\n<p class=\"paragraph\">L&#8217;Organitzaci\u00f3 Mundial de la Salut estableix que la <strong>viol\u00e8ncia contra els nens i nenes \u201c<\/strong>inclou totes les formes de viol\u00e8ncia contra els menors de 18 anys, infligida pels pares, els companys, les parelles o altres persones\u201d. A m\u00e9s, les \u00faltimes dades recollides el 2022 per aquesta entitat demostren que <strong>1.000 milions de nens d&#8217;entre 2 i 17 anys a tot el m\u00f3n van ser v\u00edctimes d&#8217;abusos f\u00edsics, sexuals, emocionals o d&#8217;aband\u00f3 aquell any.<\/strong> <\/p>\n\t\t\t\t\t\t\t\t<\/div>\n\t\t\t\t<\/div>\n\t\t\t\t\t<\/div>\n\t\t\t\t<\/div>\n\t\t<div class=\"elementor-element elementor-element-75f4abb e-dte-flex e-flex e-con-boxed e-con e-parent\" data-id=\"75f4abb\" data-element_type=\"container\" data-e-type=\"container\" data-settings=\"{&quot;jet_parallax_layout_list&quot;:[],&quot;dte_container_type&quot;:&quot;flex&quot;}\">\n\t\t\t\t\t<div class=\"e-con-inner\">\n\t\t\t\t<div class=\"elementor-element elementor-element-07beea2 exad-sticky-section-no exad-glass-effect-no elementor-widget elementor-widget-heading\" data-id=\"07beea2\" data-element_type=\"widget\" data-e-type=\"widget\" data-widget_type=\"heading.default\">\n\t\t\t\t<div class=\"elementor-widget-container\">\n\t\t\t\t\t<h2 class=\"elementor-heading-title elementor-size-default\">La viol\u00e8ncia infantil a Espanya<\/h2>\t\t\t\t<\/div>\n\t\t\t\t<\/div>\n\t\t\t\t\t<\/div>\n\t\t\t\t<\/div>\n\t\t<div class=\"elementor-element elementor-element-c843fba e-dte-flex e-flex e-con-boxed e-con e-parent\" data-id=\"c843fba\" data-element_type=\"container\" data-e-type=\"container\" data-settings=\"{&quot;jet_parallax_layout_list&quot;:[],&quot;dte_container_type&quot;:&quot;flex&quot;}\">\n\t\t\t\t\t<div class=\"e-con-inner\">\n\t\t\t\t<div class=\"elementor-element elementor-element-0400df6 exad-sticky-section-no exad-glass-effect-no elementor-widget elementor-widget-text-editor\" data-id=\"0400df6\" data-element_type=\"widget\" data-e-type=\"widget\" data-widget_type=\"text-editor.default\">\n\t\t\t\t<div class=\"elementor-widget-container\">\n\t\t\t\t\t\t\t\t\t<p class=\"paragraph\">Si ens centrem al nostre pa\u00eds, les dades aportades pels Ministeris de l&#8217;Interior i de Sanitat, Consum i Benestar Social indiquen que, almenys, <strong>40 nens s\u00f3n v\u00edctimes de maltractament<\/strong> a l&#8217;\u00e0mbit familiar i cada any s&#8217;interposen prop de 38.000 den\u00fancies per delictes violents contra la inf\u00e0ncia.<\/p>\n<p class=\"paragraph\">Des del 2021, Espanya compta amb la <strong>Llei Org\u00e0nica de Protecci\u00f3 Integral a la Inf\u00e0ncia i l&#8217;Adolesc\u00e8ncia davant de la Viol\u00e8ncia<\/strong> , i es posiciona entre els pa\u00efsos m\u00e9s avan\u00e7ats d&#8217;Europa en mat\u00e8ria de protecci\u00f3 de la inf\u00e0ncia.<\/p>\n<p class=\"paragraph\">Recentment, i com a nova mesura per posar fi a aquesta viol\u00e8ncia, a inicis del 2024, la <strong>Comissi\u00f3 davant de la viol\u00e8ncia en els nens, nenes i adolescents del Consell Interterritorial del Sistema Nacional de Salut<\/strong> (CoViNNA) elaborava el Protocol com\u00fa d&#8217;actuaci\u00f3 sanit\u00e0ria davant a aquesta situaci\u00f3. L&#8217;objectiu: homogene\u00eftzar la resposta de l&#8217;\u00e0mbit sanitari a nivell nacional i sistematitzar la promoci\u00f3 del bon tracte, la prevenci\u00f3, la detecci\u00f3 i l&#8217;abordatge integral de tots els casos i tipus de viol\u00e8ncia sobre la inf\u00e0ncia i l&#8217;adolesc\u00e8ncia des d&#8217;una perspectiva d&#8217;equitat, accessibilitat, no discriminaci\u00f3 i curs de vida. <\/p>\n\t\t\t\t\t\t\t\t<\/div>\n\t\t\t\t<\/div>\n\t\t\t\t\t<\/div>\n\t\t\t\t<\/div>\n\t\t<div class=\"elementor-element elementor-element-8a6d0be e-dte-flex e-flex e-con-boxed e-con e-parent\" data-id=\"8a6d0be\" data-element_type=\"container\" data-e-type=\"container\" data-settings=\"{&quot;jet_parallax_layout_list&quot;:[],&quot;dte_container_type&quot;:&quot;flex&quot;}\">\n\t\t\t\t\t<div class=\"e-con-inner\">\n\t\t\t\t<div class=\"elementor-element elementor-element-8aa91d8 exad-sticky-section-no exad-glass-effect-no elementor-widget elementor-widget-heading\" data-id=\"8aa91d8\" data-element_type=\"widget\" data-e-type=\"widget\" data-widget_type=\"heading.default\">\n\t\t\t\t<div class=\"elementor-widget-container\">\n\t\t\t\t\t<h2 class=\"elementor-heading-title elementor-size-default\">Tipus de viol\u00e8ncia infantil<\/h2>\t\t\t\t<\/div>\n\t\t\t\t<\/div>\n\t\t\t\t\t<\/div>\n\t\t\t\t<\/div>\n\t\t<div class=\"elementor-element elementor-element-6407cc5 e-dte-flex e-flex e-con-boxed e-con e-parent\" data-id=\"6407cc5\" data-element_type=\"container\" data-e-type=\"container\" data-settings=\"{&quot;jet_parallax_layout_list&quot;:[],&quot;dte_container_type&quot;:&quot;flex&quot;}\">\n\t\t\t\t\t<div class=\"e-con-inner\">\n\t\t\t\t<div class=\"elementor-element elementor-element-1ad1f95 exad-sticky-section-no exad-glass-effect-no elementor-widget elementor-widget-text-editor\" data-id=\"1ad1f95\" data-element_type=\"widget\" data-e-type=\"widget\" data-widget_type=\"text-editor.default\">\n\t\t\t\t<div class=\"elementor-widget-container\">\n\t\t\t\t\t\t\t\t\t<p class=\"paragraph\">Els nens que creixen en entorns abusius presenten m\u00e9s risc de patir problemes f\u00edsics, psicol\u00f2gics o de comportament en el futur. A m\u00e9s, l&#8217;impacte de la viol\u00e8ncia pot <strong>perpetuar cicles d&#8217;agressi\u00f3 i d&#8217;exclusi\u00f3<\/strong> . Els tipus de viol\u00e8ncia que pot patir la inf\u00e0ncia s\u00f3n els seg\u00fcents:  <\/p>\n<ol class=\"list-ordered\">\n<li><strong>Psicol\u00f2gica. <\/strong>Es manifesta mitjan\u00e7ant insults, humiliacions, amenaces, a\u00efllament, ignor\u00e0ncia de les necessitats emocionals i manipulaci\u00f3. Els nens i les nenes sotmesos a viol\u00e8ncia psicol\u00f2gica solen experimentar un deteriorament del seu autoconcepte, desenvolupar trastorns d&#8217;ansietat o <strong>depressi\u00f3<\/strong> i tenir dificultats per establir relacions saludables en el futur. <\/li>\n<li><strong>Sexual. <\/strong>Implica un ab\u00fas de poder sobre el menor per obtenir gratificaci\u00f3 sexual. Qualsevol contacte o interacci\u00f3 d&#8217;una persona adulta amb un menor amb l&#8217;objectiu d&#8217;aconseguir una estimulaci\u00f3 sexual. Tamb\u00e9 inclou l&#8217; <strong>exposici\u00f3 a material sexualment expl\u00edcit o explotaci\u00f3 sexual<\/strong> . Les seq\u00fceles poden generar problemes emocionals greus a llarg termini, com ara el trastorn d&#8217;estr\u00e8s posttraum\u00e0tic (TEPT), problemes d&#8217;identitat i dificultats a la vida afectiva i sexual adulta.   <\/li>\n<li><strong>Maltractament f\u00edsic. <\/strong>\u00c9s la forma m\u00e9s reconeixible i visible. Inclou qualsevol tipus d&#8217; <strong>agressi\u00f3 corporal<\/strong> , que no \u00e9s accidental i provoca un d&#8217;any f\u00edsic, com cops, empentes, cremades, estrangulaments, entre d&#8217;altres. Aquest tipus de viol\u00e8ncia tamb\u00e9 deixa cicatrius emocionals i, en molts casos, poden reproduir patrons d&#8217;agressi\u00f3 a la seva vida adulta.  <\/li>\n<li><strong>Explotaci\u00f3. <\/strong>Nens i nenes s\u00f3n for\u00e7ats per obtenir un benefici per part de l&#8217;adult, fent activitats que comprometen el seu benestar f\u00edsic, emocional i psicol\u00f2gic. Aix\u00f2 inclou el treball infantil, l&#8217;explotaci\u00f3 sexual, el tr\u00e0fic de menors i l&#8217;\u00fas de nens en activitats il\u00b7l\u00edcites, com ara el tr\u00e0fic de drogues. <\/li>\n<li><strong>Neglig\u00e8ncia o abandonament. <\/strong>Passa quan els pares o els cuidadors no satisfan les necessitats b\u00e0siques dels nens, com l&#8217;alimentaci\u00f3, la higiene, l&#8217;atenci\u00f3 m\u00e8dica, l&#8217;educaci\u00f3 o l&#8217;afecte. La <strong>manca de cures essencials<\/strong> pot comportar problemes de salut, dificultats d&#8217;aprenentatge i trastorns emocionals. <\/li>\n<\/ol>\n\t\t\t\t\t\t\t\t<\/div>\n\t\t\t\t<\/div>\n\t\t\t\t\t<\/div>\n\t\t\t\t<\/div>\n\t\t<div class=\"elementor-element elementor-element-b37f2af e-dte-flex e-flex e-con-boxed e-con e-parent\" data-id=\"b37f2af\" data-element_type=\"container\" data-e-type=\"container\" data-settings=\"{&quot;jet_parallax_layout_list&quot;:[],&quot;dte_container_type&quot;:&quot;flex&quot;}\">\n\t\t\t\t\t<div class=\"e-con-inner\">\n\t\t\t\t<div class=\"elementor-element elementor-element-06f0e09 exad-sticky-section-no exad-glass-effect-no elementor-widget elementor-widget-heading\" data-id=\"06f0e09\" data-element_type=\"widget\" data-e-type=\"widget\" data-widget_type=\"heading.default\">\n\t\t\t\t<div class=\"elementor-widget-container\">\n\t\t\t\t\t<h2 class=\"elementor-heading-title elementor-size-default\">Una cultura de pau i respecte<\/h2>\t\t\t\t<\/div>\n\t\t\t\t<\/div>\n\t\t\t\t\t<\/div>\n\t\t\t\t<\/div>\n\t\t<div class=\"elementor-element elementor-element-d64a1e5 e-dte-flex e-flex e-con-boxed e-con e-parent\" data-id=\"d64a1e5\" data-element_type=\"container\" data-e-type=\"container\" data-settings=\"{&quot;jet_parallax_layout_list&quot;:[],&quot;dte_container_type&quot;:&quot;flex&quot;}\">\n\t\t\t\t\t<div class=\"e-con-inner\">\n\t\t\t\t<div class=\"elementor-element elementor-element-578e413 exad-sticky-section-no exad-glass-effect-no elementor-widget elementor-widget-text-editor\" data-id=\"578e413\" data-element_type=\"widget\" data-e-type=\"widget\" data-widget_type=\"text-editor.default\">\n\t\t\t\t<div class=\"elementor-widget-container\">\n\t\t\t\t\t\t\t\t\t<p class=\"paragraph\">A Aldees Infantils SOS creiem que \u00e9s possible prevenir la viol\u00e8ncia infantil i crear entorns pac\u00edfics amb mesures senzilles i eficaces. Per sensibilitzar-hi hem creat el projecte &#8216;Inf\u00e0ncia segura: prevenci\u00f3 i resposta a la viol\u00e8ncia entre iguals&#8217;, amb l&#8217;objectiu d&#8217;apoderar i capacitar nens, nenes i joves perqu\u00e8 siguin agents actius en la creaci\u00f3 d&#8217; <strong>entorns segurs<\/strong> . <\/p>\n<p class=\"paragraph\">Perqu\u00e8 les fam\u00edlies i educadors puguin contribuir a la prevenci\u00f3 de la viol\u00e8ncia, apliquem algunes recomanacions base sobre les quals treballar:<\/p>\n<ol class=\"list-ordered\">\n<li><strong>Refor\u00e7ar la seva autoestima<\/strong> a trav\u00e9s de la validaci\u00f3 dels sentiments i preocupacions.<\/li>\n<li>Ensenyar-los a <strong>identificar i gestionar les seves emocions<\/strong> .<\/li>\n<li>En lloc de rec\u00f3rrer al c\u00e0stig f\u00edsic o verbal, cal <strong>rec\u00f3rrer a la resoluci\u00f3 pac\u00edfica dels conflictes.<\/strong> Estableix normes clares i justes a casa o a l&#8217;escola i aplica conseq\u00fc\u00e8ncies l\u00f2giques (no violentes). Aix\u00f2 ajuda els nens a entendre les conseq\u00fc\u00e8ncies de les seves accions sense ser agredits. <\/li>\n<li><strong>Modelar el comportament respectu\u00f3s<\/strong> mitjan\u00e7ant l&#8217;exemple. Si observen comportaments respectuosos, comprensius i no violents en les interaccions quotidianes, adoptaran aquests patrons com a propis. <\/li>\n<\/ol>\n<p class=\"paragraph\">\n<p class=\"paragraph\">La prevenci\u00f3 \u00e9s clau per erradicar les conductes de viol\u00e8ncia en els nens. En proporcionar-los un entorn de seguretat, di\u00e0leg i comprensi\u00f3, no nom\u00e9s protegim el seu benestar en el present, sin\u00f3 que tamb\u00e9 fomentem la formaci\u00f3 d&#8217;adults capa\u00e7os de construir relacions saludables i de contribuir positivament a la societat. <\/p>\n\t\t\t\t\t\t\t\t<\/div>\n\t\t\t\t<\/div>\n\t\t\t\t\t<\/div>\n\t\t\t\t<\/div>\n\t\t<div class=\"elementor-element elementor-element-027abc1 e-dte-flex e-flex e-con-boxed e-con e-parent\" data-id=\"027abc1\" data-element_type=\"container\" data-e-type=\"container\" data-settings=\"{&quot;jet_parallax_layout_list&quot;:[],&quot;dte_container_type&quot;:&quot;flex&quot;}\">\n\t\t\t\t\t<div class=\"e-con-inner\">\n\t\t\t\t<div class=\"elementor-element elementor-element-6c0ecf9 exad-sticky-section-no exad-glass-effect-no elementor-widget elementor-widget-heading\" data-id=\"6c0ecf9\" data-element_type=\"widget\" data-e-type=\"widget\" data-widget_type=\"heading.default\">\n\t\t\t\t<div class=\"elementor-widget-container\">\n\t\t\t\t\t<h2 class=\"elementor-heading-title elementor-size-default\">Volem trencar el cicle de la viol\u00e8ncia<\/h2>\t\t\t\t<\/div>\n\t\t\t\t<\/div>\n\t\t\t\t\t<\/div>\n\t\t\t\t<\/div>\n\t\t<div class=\"elementor-element elementor-element-64f5af5 e-dte-flex e-flex e-con-boxed e-con e-parent\" data-id=\"64f5af5\" data-element_type=\"container\" data-e-type=\"container\" data-settings=\"{&quot;jet_parallax_layout_list&quot;:[],&quot;dte_container_type&quot;:&quot;flex&quot;}\">\n\t\t\t\t\t<div class=\"e-con-inner\">\n\t\t\t\t<div class=\"elementor-element elementor-element-6e1b056 elementor-align-center exad-sticky-section-no exad-glass-effect-no elementor-widget elementor-widget-button\" data-id=\"6e1b056\" data-element_type=\"widget\" data-e-type=\"widget\" data-widget_type=\"button.default\">\n\t\t\t\t<div class=\"elementor-widget-container\">\n\t\t\t\t\t\t\t\t\t<div class=\"elementor-button-wrapper\">\n\t\t\t\t\t<a class=\"elementor-button elementor-button-link elementor-size-sm\" href=\"https:\/\/aldeesinfantils.org\/ca\/collabora\">\n\t\t\t\t\t\t<span class=\"elementor-button-content-wrapper\">\n\t\t\t\t\t\t\t\t\t<span class=\"elementor-button-text\">DONA<\/span>\n\t\t\t\t\t<\/span>\n\t\t\t\t\t<\/a>\n\t\t\t\t<\/div>\n\t\t\t\t\t\t\t\t<\/div>\n\t\t\t\t<\/div>\n\t\t\t\t\t<\/div>\n\t\t\t\t<\/div>\n\t\t\t\t<\/div>\n\t\t","protected":false},"excerpt":{"rendered":"<p>Cada any s&#8217;interposen a Espanya al voltant de 38.000 den\u00fancies per delictes violents contra la inf\u00e0ncia.<\/p>\n","protected":false},"author":3,"featured_media":13551,"comment_status":"open","ping_status":"open","sticky":false,"template":"","format":"standard","meta":{"footnotes":""},"categories":[42,33],"tags":[],"class_list":["post-13557","post","type-post","status-publish","format-standard","has-post-thumbnail","hentry","category-blog-ca","category-espanya"],"_links":{"self":[{"href":"https:\/\/aldeesinfantils.org\/ca\/wp-json\/wp\/v2\/posts\/13557","targetHints":{"allow":["GET"]}}],"collection":[{"href":"https:\/\/aldeesinfantils.org\/ca\/wp-json\/wp\/v2\/posts"}],"about":[{"href":"https:\/\/aldeesinfantils.org\/ca\/wp-json\/wp\/v2\/types\/post"}],"author":[{"embeddable":true,"href":"https:\/\/aldeesinfantils.org\/ca\/wp-json\/wp\/v2\/users\/3"}],"replies":[{"embeddable":true,"href":"https:\/\/aldeesinfantils.org\/ca\/wp-json\/wp\/v2\/comments?post=13557"}],"version-history":[{"count":0,"href":"https:\/\/aldeesinfantils.org\/ca\/wp-json\/wp\/v2\/posts\/13557\/revisions"}],"wp:featuredmedia":[{"embeddable":true,"href":"https:\/\/aldeesinfantils.org\/ca\/wp-json\/wp\/v2\/media\/13551"}],"wp:attachment":[{"href":"https:\/\/aldeesinfantils.org\/ca\/wp-json\/wp\/v2\/media?parent=13557"}],"wp:term":[{"taxonomy":"category","embeddable":true,"href":"https:\/\/aldeesinfantils.org\/ca\/wp-json\/wp\/v2\/categories?post=13557"},{"taxonomy":"post_tag","embeddable":true,"href":"https:\/\/aldeesinfantils.org\/ca\/wp-json\/wp\/v2\/tags?post=13557"}],"curies":[{"name":"wp","href":"https:\/\/api.w.org\/{rel}","templated":true}]}}